{"provider_url": "https://www.majorvieira.sc.leg.br", "title": "Realizada a 2\u00aa Sess\u00e3o Estudante Vereador.", "html": "<p><span>Foi realizada na 28.\u00aa sess\u00e3o ordin\u00e1ria ocorrida no dia 23 do m\u00eas de agosto, a segunda sess\u00e3o da sexta edi\u00e7\u00e3o do projeto \"Estudante Vereador (Resolu\u00e7\u00e3o n.\u00ba 068/2014)\u201d. Este projeto, que tem autoria da ent\u00e3o vereadora na \u00e9poca, Sra.'Neusa Schroeder Schumacher',\u00a0viabiliza \u00e0 estudantes de todo o munic\u00edpio, a participa\u00e7\u00e3o junto a um corpo de estudantes representantes eleitos pelos alunos de cada institui\u00e7\u00e3o de ensino situada no munic\u00edpio, com o objetivo de assim:</span></p>\r\n<p><span>\u00a0</span></p>\r\n<p><span>- Proporcionar a circula\u00e7\u00e3o de informa\u00e7\u00f5es nas escolas sobre projetos, leis e atividades gerais da C\u00e2mara Municipal de Major Vieira;</span></p>\r\n<p><span>- Possibilitar aos alunos o acesso e conhecimento das propostas apresentadas no Legislativo Municipal;</span></p>\r\n<p><span>- Oferecer aos alunos oportunidades para que apresentem sugest\u00f5es para solucionar importantes quest\u00f5es da cidade ou determinados grupos sociais; e</span></p>\r\n<p><span>- Sensibilizar professores, funcion\u00e1rios, pais e comunidade para participarem do Projeto Estudante Vereador, envolvendo todos no debate e nos resultados deste trabalho.</span></p>\r\n<p><span>De modo basilar, \u00e9 uma iniciativa que possibilita a estes alunos, proporem \u00e0 administra\u00e7\u00e3o p\u00fablica municipal, indica\u00e7\u00f5es de servi\u00e7os p\u00fablicos concernentes ao contexto das prioridades verificadas em sua escola, e comunidade, estreitando o acesso a propositura de seus anseios, e os la\u00e7os de atua\u00e7\u00e3o e participa\u00e7\u00e3o democr\u00e1ticos de modo essencial, em vista da consecu\u00e7\u00e3o de uma maior participa\u00e7\u00e3o popular, e engajamento no acompanhamento da 'coisa p\u00fablica', bem comum, e dever de todos.</span></p>\r\n<p><span>Neste primeiro momento, compuseram o corpo de \"estudantes vereadores\", os alunos:</span></p>\r\n<p><b><span>*MUNIQUE TAINA MARCINIACK ALUNA DA ESCOLA FRE ANDR\u00c9 MALINSKI DO RIO NOVO.</span></b><span></span></p>\r\n<p><b><span>*AMANDA GUEDES ALUNA DA ESCOLA FRE ANDR\u00c9 MALINSKI DO RIO NOVO.</span></b><span></span></p>\r\n<p><b><span>*GILSON DAVI MARCOLLA ALUNO DA ESCOLA DR\u00c1USIO CELESTINO CUNHA RIO CLARO.</span></b><span></span></p>\r\n<p><b><span>*CARLOS ALEXANDRE MULLER ALUNO DA ESCOLA MUNICIPAL TIA CHIQUINHA.</span></b><span></span></p>\r\n<p><b><span>*DAVID CAUAN DOS SANTOS DA ESCOLA DA EDUCA\u00c7\u00c3O B\u00c1SICA LUIZ DAVET.</span></b><span></span></p>\r\n<p><b><span>*EMILI VIT\u00d3RIA MORANTE ALUNA DA ESCOLA FRE ANDR\u00c9 MALINSKI DO RIO NOVO.</span></b><span></span></p>\r\n<p><b><span>*ERICK REIS ALUNO DA ESCOLA DE EDUCA\u00c7\u00c3O B\u00c1SICA LUIZ DAVET.</span></b><span></span></p>\r\n<p><b><span>*MARCELO DOS SANTOS ALUNO DA ESCOLA DR\u00c1USIO CELESTINO CUNHA DO RIO CLARO.</span></b><span></span></p>\r\n<p><b><span>*RAFAEL MATIAS MUCHALOVSKI ALUNO DA ESCOLA MUNICIPAL TIA CIQUINHA</span></b><span></span></p>", "author_name": "", "version": "1.0", "author_url": "https://www.majorvieira.sc.leg.br/author/mav", "provider_name": "Camara Municipal", "type": "rich"}