{"provider_url": "https://www.majorvieira.sc.leg.br", "title": "In\u00edcio do Ano Legislativo", "html": "<p>Ap\u00f3s o per\u00edodo de recesso parlamentar estabelecido pela Portaria n\u00ba 36/2022, a C\u00e2mara de Vereadores retornou as suas atividades legislativas com a primeira sess\u00e3o ordin\u00e1ria do ano de 2023 nesta quinta-feira (02/02).</p>\r\n<p>Inaugurando a nova mesa diretora composta pelo Presidente sr. Antonio Gon\u00e7alves de Almeida, o Vice-Presidente sr. Vicente Paulitzski Neto, a 1\u00aa Secret\u00e1ria a sra. Vilma Muller Kiem e a 2\u00aa Secret\u00e1ria a sra. Soleima Aparecida de Oliveira.</p>\r\n<p>Al\u00e9m de ser a primeira sess\u00e3o da nova mesa diretora tamb\u00e9m foi a sess\u00e3o em que foram definidas os l\u00edderes de partido dentro da c\u00e2mara e a indica\u00e7\u00e3o dos membros para compor as comiss\u00f5es permanentes na C\u00e2mara.</p>", "author_name": "", "version": "1.0", "author_url": "https://www.majorvieira.sc.leg.br/author/mav", "provider_name": "Camara Municipal", "type": "rich"}