{"provider_url": "https://www.majorvieira.sc.leg.br", "title": "Inaugura\u00e7\u00e3o Galeria Lil\u00e1s", "html": "<p>A C\u00e2mara de Vereadores de Major Vieira, com orgulho marca a inaugura\u00e7\u00e3o de seu novo espa\u00e7o denominado \"GALERIA LIL\u00c1S!\"\u00a0no dia 16 de Dezembro\u00a0\u00e0s 18:00 horas na\u00a0C\u00e2mara de Vereadores de Major Vieira/SC ser\u00e1 inaugurado um espa\u00e7o voltado a homenagem e resgate da hist\u00f3ria das mulheres parlamentares no legislativo majorvieirense.</p>\r\n<p>\"Como parte desta hist\u00f3ria, contamos com sua especial participa\u00e7\u00e3o!\".</p>", "author_name": "", "version": "1.0", "author_url": "https://www.majorvieira.sc.leg.br/author/mav", "provider_name": "Camara Municipal", "type": "rich"}