{"provider_url": "https://www.majorvieira.sc.leg.br", "title": "Audi\u00eancia P\u00fablica (29/04/2024)", "html": "<div class=\"xdj266r x11i5rnm xat24cr x1mh8g0r x1vvkbs x126k92a\">\r\n<div dir=\"auto\">COMUNICADO:</div>\r\n</div>\r\n<div class=\"x11i5rnm xat24cr x1mh8g0r x1vvkbs xtlvy1s x126k92a\">\r\n<div dir=\"auto\">Nessa segunda-feira (29/04/24), ser\u00e3o realizada uma AUDI\u00caNCIA P\u00daBLICA no plen\u00e1rio da C\u00e2mara Municipal de Major Vieira.</div>\r\n<div dir=\"auto\"></div>\r\n</div>\r\n<div class=\"x11i5rnm xat24cr x1mh8g0r x1vvkbs xtlvy1s x126k92a\">\r\n<div dir=\"auto\">A audi\u00eancia ocorrer\u00e1 as 19:00 horas com a pauta \"Regulariza\u00e7\u00e3o fundi\u00e1ria da cidade de Major Vieira/SC\".</div>\r\n<div dir=\"auto\"></div>\r\n</div>\r\n<div class=\"x11i5rnm xat24cr x1mh8g0r x1vvkbs xtlvy1s x126k92a\">\r\n<div dir=\"auto\"><span><a tabindex=\"-1\"></a></span>Lembrando que a participa\u00e7\u00e3o popular \u00e9 essencial. A C\u00e2mara Municipal estar\u00e1 aberta ao p\u00fablico e convida a todos(as) a participar.</div>\r\n</div>", "author_name": "", "version": "1.0", "author_url": "https://www.majorvieira.sc.leg.br/author/mav", "provider_name": "Camara Municipal", "type": "rich"}