{"provider_url": "https://www.majorvieira.sc.leg.br", "title": "2\u00aa Sess\u00e3o do Programa Estudante Vereador", "html": "<p>Na ultima segunda feira 11/08/2025 a C\u00e2mara de Major Vieira realizou a 2\u00aa sess\u00e3o legislativa do Programa Estudante Vereador, nessa sess\u00e3o os Estudantes Vereadores leram e apreciaram as respostas enviadas do Poder Executivo em rela\u00e7\u00e3o as Indica\u00e7\u00f5es feitas pelos mesmos.</p>", "author_name": "", "version": "1.0", "author_url": "https://www.majorvieira.sc.leg.br/author/mav", "provider_name": "Camara Municipal", "type": "rich"}